{"id":498,"date":"2014-04-03T00:00:36","date_gmt":"2014-04-02T22:00:36","guid":{"rendered":"http:\/\/new.kleinwaltersdorf-buergerhaus.de\/?p=498"},"modified":"2018-09-01T19:29:07","modified_gmt":"2018-09-01T17:29:07","slug":"heimat-und-kulturverein-kleinwaltersdorf-reist-nach-berlin","status":"publish","type":"post","link":"https:\/\/kleinwaltersdorf.de\/index.php\/2014\/04\/03\/heimat-und-kulturverein-kleinwaltersdorf-reist-nach-berlin\/","title":{"rendered":"Heimat- und Kulturverein Kleinwaltersdorf reist nach Berlin"},"content":{"rendered":"<p>Am 03. und 04. April 2014 folgte der Heimat- und Kulturverein Kleinwaltersdorf e.V. gemeinsam mit anderen politisch interessierten B\u00fcrgern aus D\u00f6beln, Mittweida und Frankenberg der Einladung von Veronika Bellmann MdB sowie dem Presse- und Informationsamt der Bundesregierung zu einer Bildungsreise in das politische Berlin.<\/p>\n<p>Besonders interessant war der Besuch einer Plenarsitzung im Deutschen Bundestag, hier konnte man Regierungsarbeit einmal ganz hautnah und \u201elife\u201c erleben. Zuvor hatte Veronika Bellmann den Teilnehmer im Paul-L\u00f6be-Haus, dem Arbeitsdomizil der Bundestagsabgeordneten in direkter Nachbarschaft zum Reichstagsgeb\u00e4ude, einen Einblick in die umfangreichen Aufgaben und den straff organisierten Arbeitstag einer Bundestagsabgeordneten gegeben.<\/p>\n<p>Tief beeindruckt hat die Teilnehmer auch die F\u00fchrung in der Gedenkst\u00e4tte Berlin Hohensch\u00f6nhausen, der ehemaligen zentralen Untersuchungshaftanstalt der Staatssicherheit der DDR.<\/p>\n<p>Die Stadtrundfahrt hat einen Eindruck vom enormen und z\u00fcgig vorangetriebenen Baugeschehen in Berlin vermittelt, quasi eine \u201eGegendarstellung\u201c zur zwar bekanntesten, aber auch nach wie vor problematischsten Baustelle in Berlin, dem neuen Hauptstadtflughafen Berlin Brandenburg.<\/p>\n<p>Wir k\u00f6nnen allen politisch interessierten B\u00fcrgern eine Teilnahme an einer solchen Bildungsreise in die Regierungshauptstadt nur empfehlen. Wir jedenfalls waren tief beeindruckt und begeistert.<\/p>\n<p><a href=\"http:\/\/new.kleinwaltersdorf-buergerhaus.de\/wp-content\/uploads\/2018\/09\/berlin2014_011.jpg\"><img decoding=\"async\" loading=\"lazy\" class=\"alignleft size-full wp-image-501\" src=\"http:\/\/new.kleinwaltersdorf-buergerhaus.de\/wp-content\/uploads\/2018\/09\/berlin2014_011.jpg\" alt=\"\" width=\"450\" height=\"299\" srcset=\"https:\/\/kleinwaltersdorf.de\/wp-content\/uploads\/2018\/09\/berlin2014_011.jpg 450w, https:\/\/kleinwaltersdorf.de\/wp-content\/uploads\/2018\/09\/berlin2014_011-300x199.jpg 300w\" sizes=\"(max-width: 450px) 100vw, 450px\" \/><\/a><\/p>\n<p>&nbsp;<\/p>\n<p>&nbsp;<\/p>\n<p>&nbsp;<\/p>\n<p>&nbsp;<\/p>\n<p>&nbsp;<\/p>\n<p>&nbsp;<\/p>\n","protected":false},"excerpt":{"rendered":"<p>Am 03. und 04. April 2014 folgte der Heimat- und Kulturverein Kleinwaltersdorf e.V. gemeinsam mit anderen politisch interessierten B\u00fcrgern aus&hellip;<\/p>\n","protected":false},"author":1,"featured_media":0,"comment_status":"closed","ping_status":"open","sticky":false,"template":"","format":"standard","meta":{"footnotes":""},"categories":[1],"tags":[],"_links":{"self":[{"href":"https:\/\/kleinwaltersdorf.de\/index.php\/wp-json\/wp\/v2\/posts\/498"}],"collection":[{"href":"https:\/\/kleinwaltersdorf.de\/index.php\/wp-json\/wp\/v2\/posts"}],"about":[{"href":"https:\/\/kleinwaltersdorf.de\/index.php\/wp-json\/wp\/v2\/types\/post"}],"author":[{"embeddable":true,"href":"https:\/\/kleinwaltersdorf.de\/index.php\/wp-json\/wp\/v2\/users\/1"}],"replies":[{"embeddable":true,"href":"https:\/\/kleinwaltersdorf.de\/index.php\/wp-json\/wp\/v2\/comments?post=498"}],"version-history":[{"count":2,"href":"https:\/\/kleinwaltersdorf.de\/index.php\/wp-json\/wp\/v2\/posts\/498\/revisions"}],"predecessor-version":[{"id":503,"href":"https:\/\/kleinwaltersdorf.de\/index.php\/wp-json\/wp\/v2\/posts\/498\/revisions\/503"}],"wp:attachment":[{"href":"https:\/\/kleinwaltersdorf.de\/index.php\/wp-json\/wp\/v2\/media?parent=498"}],"wp:term":[{"taxonomy":"category","embeddable":true,"href":"https:\/\/kleinwaltersdorf.de\/index.php\/wp-json\/wp\/v2\/categories?post=498"},{"taxonomy":"post_tag","embeddable":true,"href":"https:\/\/kleinwaltersdorf.de\/index.php\/wp-json\/wp\/v2\/tags?post=498"}],"curies":[{"name":"wp","href":"https:\/\/api.w.org\/{rel}","templated":true}]}}