{"id":1323,"date":"2022-01-14T18:05:09","date_gmt":"2022-01-14T17:05:09","guid":{"rendered":"http:\/\/kleinwaltersdorf-buergerhaus.de\/?p=1323"},"modified":"2022-01-14T18:05:11","modified_gmt":"2022-01-14T17:05:11","slug":"weihnachtswichteln-2021-in-kleinwaltersdorf","status":"publish","type":"post","link":"https:\/\/kleinwaltersdorf.de\/index.php\/2022\/01\/14\/weihnachtswichteln-2021-in-kleinwaltersdorf\/","title":{"rendered":"Weihnachtswichteln 2021 in Kleinwaltersdorf"},"content":{"rendered":"\n<p>Kurz vor Weihnachten haben wir als Heimat- und Kulturverein gemeinsam mit dem Ortschaftsrat die Kleinwaltersdorfer, speziell unsere \u00e4lteren Kleinwaltersdorfer, mit einer \u201eWichtelaktion\u201c \u00fcberrascht. Leider musste Anfang Dezember die beliebte Rentnerweihnachtsfeier erneut ausfallen, damit leider auch die traditionelle Filmvorf\u00fchrung zum zur\u00fcckliegenden \u201eAltweibersommer\u201c. Doch dann es gab eine Idee, was wohl stattdessen eine Freude bereiten k\u00f6nnte:&nbsp; Ein Weihnachtswichtel mit der DVD zum Altweibersommer! Sabine nahm die F\u00e4den in die Hand. Maria und Manfred bastelten kurzfristig 100 kleine Weihnachtsgestecke. Mathias und Holger warfen DVD Brenner und Drucker an und Reinhold besorgte Original Pulsnitzer Lebkuchen. Unser Milchbauer und Ortschaftsrat J\u00f6rg Stra\u00dfburger meinte spontan, er w\u00fcrde das &#8222;Komitee&#8220; anf\u00fchren, als Weihnachtsmann verkleidet auf seinem UNIMOG! <\/p>\n\n\n\n<p>Am Ende eine \u00fcberaus gelungene Aktion, die kleine Lichtpunkte der Freude in unser Dorf setzte und die es am 13.12.2021 sogar auf die Titelseite der Freiberger Zeitung der Freien Presse schaffte! <\/p>\n\n\n\n<figure class=\"wp-block-image\"><a href=\"https:\/\/kleinwaltersdorf-buergerhaus.de\/wp-content\/uploads\/2022\/01\/wichteln1.jpg\"><img decoding=\"async\" loading=\"lazy\" width=\"1024\" height=\"684\" src=\"https:\/\/kleinwaltersdorf-buergerhaus.de\/wp-content\/uploads\/2022\/01\/wichteln1-1024x684.jpg\" alt=\"\" class=\"wp-image-1324\" srcset=\"https:\/\/kleinwaltersdorf.de\/wp-content\/uploads\/2022\/01\/wichteln1-1024x684.jpg 1024w, https:\/\/kleinwaltersdorf.de\/wp-content\/uploads\/2022\/01\/wichteln1-300x200.jpg 300w, https:\/\/kleinwaltersdorf.de\/wp-content\/uploads\/2022\/01\/wichteln1-768x513.jpg 768w, https:\/\/kleinwaltersdorf.de\/wp-content\/uploads\/2022\/01\/wichteln1.jpg 1386w\" sizes=\"(max-width: 1024px) 100vw, 1024px\" \/><\/a><figcaption><em>\u201eWeihnachtsfrau\u201c Sabine Berek mit Wichtelkorb<\/em> <\/figcaption><\/figure>\n\n\n\n<!--more-->\n\n\n\n<figure class=\"wp-block-image\"><a href=\"https:\/\/kleinwaltersdorf-buergerhaus.de\/wp-content\/uploads\/2022\/01\/wichteln2.jpg\"><img decoding=\"async\" loading=\"lazy\" width=\"1024\" height=\"684\" src=\"https:\/\/kleinwaltersdorf-buergerhaus.de\/wp-content\/uploads\/2022\/01\/wichteln2-1024x684.jpg\" alt=\"\" class=\"wp-image-1325\" srcset=\"https:\/\/kleinwaltersdorf.de\/wp-content\/uploads\/2022\/01\/wichteln2-1024x684.jpg 1024w, https:\/\/kleinwaltersdorf.de\/wp-content\/uploads\/2022\/01\/wichteln2-300x200.jpg 300w, https:\/\/kleinwaltersdorf.de\/wp-content\/uploads\/2022\/01\/wichteln2-768x513.jpg 768w, https:\/\/kleinwaltersdorf.de\/wp-content\/uploads\/2022\/01\/wichteln2.jpg 1386w\" sizes=\"(max-width: 1024px) 100vw, 1024px\" \/><\/a><figcaption>Weihnachtsmann Reinhold Marski, sonst als Vereinsvorsitzender t\u00e4tig, \u00fcbergibt ein Weihnachtswichtel an Irene Kraft, die mit 90 Jahren immer noch topfit ist<\/figcaption><\/figure>\n\n\n\n<figure class=\"wp-block-image\"><a href=\"https:\/\/kleinwaltersdorf-buergerhaus.de\/wp-content\/uploads\/2022\/01\/wichteln3.jpg\"><img decoding=\"async\" loading=\"lazy\" width=\"683\" height=\"1024\" src=\"https:\/\/kleinwaltersdorf-buergerhaus.de\/wp-content\/uploads\/2022\/01\/wichteln3-683x1024.jpg\" alt=\"\" class=\"wp-image-1326\" srcset=\"https:\/\/kleinwaltersdorf.de\/wp-content\/uploads\/2022\/01\/wichteln3-683x1024.jpg 683w, https:\/\/kleinwaltersdorf.de\/wp-content\/uploads\/2022\/01\/wichteln3-200x300.jpg 200w, https:\/\/kleinwaltersdorf.de\/wp-content\/uploads\/2022\/01\/wichteln3-768x1151.jpg 768w, https:\/\/kleinwaltersdorf.de\/wp-content\/uploads\/2022\/01\/wichteln3.jpg 1384w\" sizes=\"(max-width: 683px) 100vw, 683px\" \/><\/a><figcaption>Ein UNIMOG voller Weihnachtsm\u00e4nner, das gab es in unserem Dorf noch nie!<\/figcaption><\/figure>\n","protected":false},"excerpt":{"rendered":"<p>Kurz vor Weihnachten haben wir als Heimat- und Kulturverein gemeinsam mit dem Ortschaftsrat die Kleinwaltersdorfer, speziell unsere \u00e4lteren Kleinwaltersdorfer, mit&hellip;<\/p>\n","protected":false},"author":1,"featured_media":0,"comment_status":"closed","ping_status":"open","sticky":false,"template":"","format":"standard","meta":{"footnotes":""},"categories":[1],"tags":[],"_links":{"self":[{"href":"https:\/\/kleinwaltersdorf.de\/index.php\/wp-json\/wp\/v2\/posts\/1323"}],"collection":[{"href":"https:\/\/kleinwaltersdorf.de\/index.php\/wp-json\/wp\/v2\/posts"}],"about":[{"href":"https:\/\/kleinwaltersdorf.de\/index.php\/wp-json\/wp\/v2\/types\/post"}],"author":[{"embeddable":true,"href":"https:\/\/kleinwaltersdorf.de\/index.php\/wp-json\/wp\/v2\/users\/1"}],"replies":[{"embeddable":true,"href":"https:\/\/kleinwaltersdorf.de\/index.php\/wp-json\/wp\/v2\/comments?post=1323"}],"version-history":[{"count":7,"href":"https:\/\/kleinwaltersdorf.de\/index.php\/wp-json\/wp\/v2\/posts\/1323\/revisions"}],"predecessor-version":[{"id":1333,"href":"https:\/\/kleinwaltersdorf.de\/index.php\/wp-json\/wp\/v2\/posts\/1323\/revisions\/1333"}],"wp:attachment":[{"href":"https:\/\/kleinwaltersdorf.de\/index.php\/wp-json\/wp\/v2\/media?parent=1323"}],"wp:term":[{"taxonomy":"category","embeddable":true,"href":"https:\/\/kleinwaltersdorf.de\/index.php\/wp-json\/wp\/v2\/categories?post=1323"},{"taxonomy":"post_tag","embeddable":true,"href":"https:\/\/kleinwaltersdorf.de\/index.php\/wp-json\/wp\/v2\/tags?post=1323"}],"curies":[{"name":"wp","href":"https:\/\/api.w.org\/{rel}","templated":true}]}}